
{"id":1391,"date":"2025-09-13T14:15:00","date_gmt":"2025-09-13T12:15:00","guid":{"rendered":"https:\/\/pl.outdoor-more.eu\/?p=1391"},"modified":"2026-07-11T08:30:37","modified_gmt":"2026-07-11T06:30:37","slug":"1391","status":"publish","type":"post","link":"https:\/\/okazjetygodnia.pl\/sport\/inspiracje\/1391\/","title":{"rendered":"Rekordowa frekwencja w Tatrza\u0144skim Parku Narodowym"},"content":{"rendered":"<p class=\"wp-block-paragraph\">Od pocz&#261;tku roku do pocz&#261;tku wrze&#347;nia 2025 roku, Tatrza&#324;ski Park Narodowy (TPN) przyj&#261;&#322; niemal <strong>4 miliony<\/strong> turyst&oacute;w, z czego tylko w sierpniu odwiedzi&#322;o go ponad <strong>1 milion<\/strong> os&oacute;b. Dyrektor parku, Szymon Ziobrowski, zapewnia, &#380;e mimo rekordowej frekwencji, ruch turystyczny jest starannie kontrolowany, a stan przyrody nieustannie monitorowany.<\/p><h3 class=\"wp-block-heading\">Statystyki odwiedzin<\/h3><p class=\"wp-block-paragraph\">Z danych TPN wynika, &#380;e sierpie&#324; 2025 roku by&#322; miesi&#261;cem o najwy&#380;szej frekwencji, z <strong>1 097 653<\/strong> wej&#347;ciami. Drugim miesi&#261;cem pod wzgl&#281;dem liczby turyst&oacute;w by&#322; lipiec, z <strong>794 017<\/strong> wej&#347;ciami, a trzecim czerwiec, z <strong>589 443<\/strong> wej&#347;ciami. Statystyki te s&#261; oparte na liczbie sprzedanych bilet&oacute;w wst&#281;pu oraz przejazd&oacute;w kolej&#261; linow&#261; na Kasprowy Wierch.<\/p><h3 class=\"wp-block-heading\">Najpopularniejsze trasy<\/h3><p class=\"wp-block-paragraph\">Najwi&#281;cej turyst&oacute;w wybra&#322;o <a href=\"https:\/\/sport.okazjetygodnia.pl\/inspiracje\/przygotowanie-do-wycieczki-pieszej-nad-morskie-oko-w-tatrach\/\">tras&#281; do Morskiego Oka<\/a>, gdzie w punkcie wej&#347;ciowym na Palenicy Bia&#322;cza&#324;skiej odnotowano <strong>467 248<\/strong> wej&#347;&#263;. Kolejk&#261; na Kasprowy Wierch wyjecha&#322;o <strong>436 007<\/strong> os&oacute;b, a Dolin&#281; Ko&#347;cielisk&#261; odwiedzi&#322;o <strong>358 243<\/strong> turyst&oacute;w. Z kolei najrzadziej odwiedzane by&#322;y Dolina Lejowa (3 658 wej&#347;&#263;), Dolina Olczyska (22 140 wej&#347;&#263;) oraz szlak z Zazadniej w kierunku Rusinowej Polany, kt&oacute;ry wybra&#322;o <strong>29 399<\/strong> os&oacute;b.<\/p><h3 class=\"wp-block-heading\">Odpowiedzialno&#347;&#263; za przyrod&#281;<\/h3><p class=\"wp-block-paragraph\">Dyrektor TPN, Szymon Ziobrowski, podkre&#347;li&#322;, &#380;e tak du&#380;a frekwencja &#347;wiadczy o nies&#322;abn&#261;cym zainteresowaniu Tatrami, ale jednocze&#347;nie stawia przed parkiem odpowiedzialno&#347;&#263; za ochron&#281; przyrody. W rozmowie z PAP zaznaczy&#322;, &#380;e w parku obowi&#261;zuj&#261; ju&#380; istotne regulacje, takie jak poruszanie si&#281; wy&#322;&#261;cznie po wyznaczonych szlakach, co minimalizuje wp&#322;yw turystyki na ekosystem. Od marca do listopada obowi&#261;zuje r&oacute;wnie&#380; zakaz w&#281;dr&oacute;wek po zmroku, aby nie zak&#322;&oacute;ca&#263; &#380;ycia zwierz&#261;t.<\/p><h3 class=\"wp-block-heading\">Monitorowanie stanu przyrody<\/h3><p class=\"wp-block-paragraph\">TPN nieustannie monitoruje stan przyrody i w razie potrzeby podejmuje dzia&#322;ania, takie jak czasowe zamykanie tras z powodu obecno&#347;ci nied&#378;wiedzi czy soko&#322;&oacute;w. Dyrektor podkre&#347;li&#322; r&oacute;wnie&#380; znaczenie edukacji i zarz&#261;dzania ruchem turystycznym. Na razie nie planuj&#261; wprowadzania dalszych ogranicze&#324;, co jest rozwi&#261;zaniem ostatecznym, kt&oacute;re mo&#380;na rozwa&#380;a&#263; tylko w przypadku wyra&#378;nego pogorszenia stanu przyrody.<\/p><h3 class=\"wp-block-heading\">E-bilety i dost&#281;pno&#347;&#263;<\/h3><p class=\"wp-block-paragraph\">Informacje przekazane przez TPN wskazuj&#261; na rosn&#261;c&#261; popularno&#347;&#263; e-bilet&oacute;w, kt&oacute;re pozwalaj&#261; unikn&#261;&#263; kolejek przy wej&#347;ciu. Do ko&#324;ca sierpnia 2025 roku z tej formy zakupu skorzysta&#322;o <strong>811 992<\/strong> turyst&oacute;w. Bilety do TPN mo&#380;esz kupi&#263; na <a href=\"https:\/\/tpn.gov.pl\/wstep-do-parku\" target=\"_blank\" rel=\"nofollow noreferrer noopener\">stronie parku<\/a>.<\/p><p class=\"wp-block-paragraph\">W por&oacute;wnaniu do ubieg&#322;ego roku, kiedy od stycznia do sierpnia Tatry odwiedzi&#322;o <strong>3 226 195<\/strong> turyst&oacute;w, wida&#263; znacz&#261;cy wzrost zainteresowania. Ca&#322;y rok 2024 zako&#324;czy&#322; si&#281; wynikiem <strong>5 091 000<\/strong> odwiedzin, co potwierdza rosn&#261;c&#261; popularno&#347;&#263; Tatr jako destynacji turystycznej.<\/p><h3 class=\"wp-block-heading\">Ubi&oacute;r na wycieczki jesieni&#261;<\/h3><p class=\"wp-block-paragraph\">Jesie&#324; w Tatrach to czas, kiedy warunki pogodowe mog&#261; by&#263; zmienne, dlatego odpowiedni ubi&oacute;r jest kluczowy dla komfortu i bezpiecze&#324;stwa. Warto postawi&#263; na <strong>warstwowy system ubioru<\/strong>, zaczynaj&#261;c od <a href=\"https:\/\/sport.okazjetygodnia.pl\/oferty\/odziez\/bielizna-termoaktywna-81\/\">bielizny termoaktywnej<\/a>, kt&oacute;ra odprowadza wilgo&#263;. Na to mo&#380;na za&#322;o&#380;y&#263; ciep&#322;y <a href=\"https:\/\/sport.okazjetygodnia.pl\/oferty\/odziez\/polary-37\/\">polar<\/a> lub sweter, a na wierzch kurtka <a href=\"https:\/\/sport.okazjetygodnia.pl\/oferty\/odziez\/kurtki-przeciwdeszczowe-66\/\">wiatro- i wodoodporn&#261;<\/a>. <a href=\"https:\/\/sport.okazjetygodnia.pl\/oferty\/odziez\/spodnie-outdoorowe-49\/\">Spodnie trekkingowe<\/a> z materia&#322;&oacute;w oddychaj&#261;cych i wodoodpornych b&#281;d&#261; idealnym wyborem, a dodatkowe akcesoria, takie jak czapka, r&#281;kawice i szalik, pomog&#261; chroni&#263; przed ch&#322;odem. Warto r&oacute;wnie&#380; pami&#281;ta&#263; o tym, &#380;e solidne <a href=\"https:\/\/sport.okazjetygodnia.pl\/oferty\/obuwie\/buty-trekkingowe-i-turystyczne\/buty-trekkingowe-133\/\">buty trekkingowe<\/a> zapewni&#261; stabilno&#347;&#263; na mokrej i &#347;liskiej nawierzchni. Odpowiedni ubi&oacute;r pozwoli cieszy&#263; si&#281; pi&#281;knem jesiennych Tatr, niezale&#380;nie od warunk&oacute;w atmosferycznych.<\/p>\n\n\n\n\n\n\n\n\n\n\n\n\n\n\n\n\n\n\n\n\n\n<\/p><p class=\"wp-block-paragraph\">Dodatkowo, warto zwr&oacute;ci&#263; uwag&#281; na <strong>kolory ubra&#324;<\/strong>. Jasne, &#380;ywe kolory nie tylko poprawiaj&#261; widoczno&#347;&#263; w g&oacute;rskim terenie, ale tak&#380;e dodaj&#261; energii i rado&#347;ci podczas w&#281;dr&oacute;wki. Warto r&oacute;wnie&#380; zabra&#263; ze sob&#261; <strong><a href=\"https:\/\/sport.okazjetygodnia.pl\/oferty\/turystyka\/torby-i-plecaki\/plecaki-turystyczne-227\/\">plecak<\/a><\/strong>, w kt&oacute;rym zmie&#347;cisz dodatkowe warstwy odzie&#380;y, przek&#261;ski oraz napoje. Pami&#281;taj, &#380;e w g&oacute;rach pogoda potrafi si&#281; zmienia&#263; w mgnieniu oka, dlatego lepiej by&#263; przygotowanym na r&oacute;&#380;ne scenariusze.<\/p><p class=\"wp-block-paragraph\">Na koniec, nie zapomnij o <strong>okularach przeciws&#322;onecznych<\/strong> i <strong>kremie z filtrem<\/strong>, kt&oacute;re s&#261; wa&#380;ne nawet w ch&#322;odniejsze dni, gdy s&#322;o&#324;ce mo&#380;e by&#263; intensywne, a promieniowanie UV nadal silne. Odpowiedni ubi&oacute;r i akcesoria sprawi&#261;, &#380;e Twoja jesienna w&#281;dr&oacute;wka po Tatrach b&#281;dzie nie tylko komfortowa, ale tak&#380;e bezpieczna i przyjemna.<\/p>\n","protected":false},"excerpt":{"rendered":"<p>Do wrze\u015bnia 2025 roku, Tatrza\u0144ski Park Narodowy (TPN) przyj\u0105\u0142 niemal 4 miliony turyst\u00f3w, z czego tylko w sierpniu odwiedzi\u0142o go ponad 1 milion os\u00f3b. <\/p>\n","protected":false},"author":2,"featured_media":1385,"comment_status":"closed","ping_status":"open","sticky":false,"template":"","format":"standard","meta":{"footnotes":""},"categories":[51],"tags":[],"class_list":["post-1391","post","type-post","status-publish","format-standard","has-post-thumbnail","hentry","category-inspiracje","entry"],"_links":{"self":[{"href":"https:\/\/okazjetygodnia.pl\/sport\/wp-json\/wp\/v2\/posts\/1391","targetHints":{"allow":["GET"]}}],"collection":[{"href":"https:\/\/okazjetygodnia.pl\/sport\/wp-json\/wp\/v2\/posts"}],"about":[{"href":"https:\/\/okazjetygodnia.pl\/sport\/wp-json\/wp\/v2\/types\/post"}],"author":[{"embeddable":true,"href":"https:\/\/okazjetygodnia.pl\/sport\/wp-json\/wp\/v2\/users\/2"}],"replies":[{"embeddable":true,"href":"https:\/\/okazjetygodnia.pl\/sport\/wp-json\/wp\/v2\/comments?post=1391"}],"version-history":[{"count":5,"href":"https:\/\/okazjetygodnia.pl\/sport\/wp-json\/wp\/v2\/posts\/1391\/revisions"}],"predecessor-version":[{"id":2632,"href":"https:\/\/okazjetygodnia.pl\/sport\/wp-json\/wp\/v2\/posts\/1391\/revisions\/2632"}],"wp:featuredmedia":[{"embeddable":true,"href":"https:\/\/okazjetygodnia.pl\/sport\/wp-json\/wp\/v2\/media\/1385"}],"wp:attachment":[{"href":"https:\/\/okazjetygodnia.pl\/sport\/wp-json\/wp\/v2\/media?parent=1391"}],"wp:term":[{"taxonomy":"category","embeddable":true,"href":"https:\/\/okazjetygodnia.pl\/sport\/wp-json\/wp\/v2\/categories?post=1391"},{"taxonomy":"post_tag","embeddable":true,"href":"https:\/\/okazjetygodnia.pl\/sport\/wp-json\/wp\/v2\/tags?post=1391"}],"curies":[{"name":"wp","href":"https:\/\/api.w.org\/{rel}","templated":true}]}}