
{"id":1666,"date":"2026-07-18T16:41:46","date_gmt":"2026-07-18T16:41:46","guid":{"rendered":"https:\/\/moda.okazjetygodnia.pl\/?p=1666"},"modified":"2026-07-18T16:41:46","modified_gmt":"2026-07-18T16:41:46","slug":"espadryle-w-modivo-promocja-nowe-okazje","status":"publish","type":"post","link":"https:\/\/okazjetygodnia.pl\/moda\/espadryle-w-modivo-promocja-nowe-okazje\/","title":{"rendered":"Espadryle w Modivo &#8211; promocja. Nowe okazje"},"content":{"rendered":"<p> Letnie espadryle w Modivo teraz taniej! Zaoszcz\u0119dzisz nawet 306 z\u0142 na pi\u0119ciu modelach. Skorzystaj z promocji i przygotuj si\u0119 na wakacyjny czas! <\/p>\n<h3>LAUREN RALPH LAUREN Espadryle Polly 802966866002 Be\u017cowy &#8211; zni\u017cka -49 %<\/h3>\n<p>Espadryle Polly 802966866002 Be\u017cowy marki LAUREN RALPH LAUREN to doskona\u0142y wyb\u00f3r dla wszystkich kobiet ceni\u0105cych sobie wygod\u0119 oraz styl. Dzi\u0119ki klasycznemu designowi i wysokiej jako\u015bci materia\u0142om s\u0105 one idealne na letnie spacery czy rodzinne wypady nad morze. Uniwersalny be\u017cowy kolor sprawia, \u017ce b\u0119d\u0105 one doskonale komponowa\u0107 si\u0119 z r\u00f3\u017cnorodnymi letnimi stylizacjami. Wygodny i dobrze wykonany model, kt\u00f3ry sprawi, \u017ce ka\u017cda kobieta poczuje si\u0119 modnie i komfortowo. <br \/>Aktualnie te pi\u0119kne espadryle s\u0105 dost\u0119pne w atrakcyjnej promocyjnej cenie 323.99 z\u0142. To obni\u017cka o a\u017c -306 z\u0142 w por\u00f3wnaniu do pierwotnej ceny, co stanowi zni\u017ck\u0119 a\u017c -49%. To doskona\u0142a okazja, aby zapewni\u0107 sobie stylowe i wygodne obuwie na nadchodz\u0105ce ciep\u0142e miesi\u0105ce. Nie czekaj d\u0142u\u017cej, skorzystaj z okazji i dodaj te espadryle do swojej letniej garderoby ju\u017c teraz!<br \/><\/p>\n<h5>Zmiana ceny LAUREN RALPH LAUREN Espadryle Polly 802966866002 Be\u017cowy<\/h5>\n<p>Zobacz szczeg\u00f3\u0142y: <a href=\"https:\/\/moda.okazjetygodnia.pl\/oferta\/modivo\/lauren-ralph-lauren-espadryle-polly-802966866002-bezowy-1579214\/\">LAUREN RALPH LAUREN Espadryle Polly 802966866002 Be\u017cowy<\/a> <\/p>\n<h3>Superga Espadryle 2730 Cotropew S00CF20 Granatowy &#8211; zni\u017cka -19 %<\/h3>\n<p>Superga Espadryle 2730 Cotropew S00CF20 Granatowy to doskona\u0142y wyb\u00f3r dla wszystkich mi\u0142o\u015bniczek wygodnego i stylowego obuwia. Ich elegancki wygl\u0105d sprawia, \u017ce \u015bwietnie b\u0119d\u0105 si\u0119 prezentowa\u0107 zar\u00f3wno na co dzie\u0144, jak i na specjalne okazje. Pi\u0119kny odcie\u0144 granatu nadaje im ponadczasowego charakteru, kt\u00f3ry z pewno\u015bci\u0105 przyci\u0105gnie uwag\u0119. Teraz mo\u017cesz je mie\u0107 za jedyne 179.99 z\u0142, co oznacza obni\u017ck\u0119 cenow\u0105 o -42 z\u0142 (-19 %) w por\u00f3wnaniu do poprzedniej ceny. Sprawd\u017a dost\u0119pne rozmiary i dodaj do swojej kolekcji ten wyj\u0105tkowy model Espadryli od Superga!<br \/><\/p>\n<h5>Zmiana ceny Superga Espadryle 2730 Cotropew S00CF20 Granatowy<\/h5>\n<p>Zobacz szczeg\u00f3\u0142y: <a href=\"https:\/\/moda.okazjetygodnia.pl\/oferta\/modivo\/superga-espadryle-2730-cotropew-s00cf20-granatowy-1641958\/\">Superga Espadryle 2730 Cotropew S00CF20 Granatowy<\/a> <\/p>\n<h3>Superga Espadryle 2730 Cotropew S00CF20 Granatowy &#8211; zni\u017cka -19 %<\/h3>\n<p>Espadryle Superga 2730 Cotropew S00CF20 w kolorze granatowym to absolutny hit tego sezonu! Nie tylko \u015bwietnie wygl\u0105daj\u0105, ale tak\u017ce s\u0105 wygodne i idealne na lato. Dzi\u0119ki swojemu designowi pasuj\u0105 zar\u00f3wno do jeans\u00f3w, jak i letnich sukienek. Teraz mo\u017cesz je mie\u0107 ju\u017c za jedyne 179.99 z\u0142, co stanowi obni\u017ck\u0119 a\u017c o 42 z\u0142 (-19%) w por\u00f3wnaniu z poprzedni\u0105 cen\u0105 221.99 z\u0142. Nie zwlekaj i skorzystaj z tej wyj\u0105tkowej promocji ju\u017c teraz!<br \/><\/p>\n<h5>Zmiana ceny Superga Espadryle 2730 Cotropew S00CF20 Granatowy<\/h5>\n<p>Zobacz szczeg\u00f3\u0142y: <a href=\"https:\/\/moda.okazjetygodnia.pl\/oferta\/modivo\/superga-espadryle-2730-cotropew-s00cf20-granatowy-1641958\/\">Superga Espadryle 2730 Cotropew S00CF20 Granatowy<\/a> <\/p>\n<h3>Superga Espadryle 2730 Cotropew S00CF20 Granatowy &#8211; zni\u017cka -19 %<\/h3>\n<p>Superga Espadryle 2730 Cotropew S00CF20 Granatowy to \u015bwietny wyb\u00f3r dla wszystkich kobiet, kt\u00f3re ceni\u0105 sobie wygod\u0119 i styl. Dzi\u0119ki solidnemu wykonaniu i modnemu designowi sprawi\u0105, \u017ce ka\u017cda stylizacja nabierze charakteru. Teraz mo\u017cesz mie\u0107 je za jedyne 179.99 z\u0142, co oznacza obni\u017ck\u0119 a\u017c o -42 z\u0142 (-19%) w por\u00f3wnaniu do poprzedniej ceny 221.99 z\u0142. Nie przegap okazji na zakup tych fantastycznych espadryli!<br \/><\/p>\n<h5>Zmiana ceny Superga Espadryle 2730 Cotropew S00CF20 Granatowy<\/h5>\n<p>Zobacz szczeg\u00f3\u0142y: <a href=\"https:\/\/moda.okazjetygodnia.pl\/oferta\/modivo\/superga-espadryle-2730-cotropew-s00cf20-granatowy-1641958\/\">Superga Espadryle 2730 Cotropew S00CF20 Granatowy<\/a> <\/p>\n<h3>Superga Espadryle 2730 Cotropew S00CF20 Granatowy &#8211; zni\u017cka -19 %<\/h3>\n<p>Superga Espadryle 2730 Cotropew S00CF20 Granatowy to idealne obuwie dla ka\u017cdej kobiety, kt\u00f3ra ceni sobie nie tylko wygod\u0119, ale r\u00f3wnie\u017c modny wygl\u0105d. Dzi\u0119ki wysokiej jako\u015bci materia\u0142om oraz starannej produkcji, te espadryle b\u0119d\u0105 doskona\u0142ym uzupe\u0142nieniem letniej garderoby. Teraz mo\u017cesz je mie\u0107 za jedyne 179.99 z\u0142, co oznacza obni\u017ck\u0119 ceny o 42 z\u0142, czyli a\u017c 19%. Nie czekaj d\u0142u\u017cej i skorzystaj z tej fantastycznej promocji ju\u017c teraz!<br \/><\/p>\n<h5>Zmiana ceny Superga Espadryle 2730 Cotropew S00CF20 Granatowy<\/h5>\n<p>Zobacz szczeg\u00f3\u0142y: <a href=\"https:\/\/moda.okazjetygodnia.pl\/oferta\/modivo\/superga-espadryle-2730-cotropew-s00cf20-granatowy-1641958\/\">Superga Espadryle 2730 Cotropew S00CF20 Granatowy<\/a> <br \/>Codziennie nowe promocje i najlepsze oferty na GetLook. <a href=\"https:\/\/pl.getlook.eu\/\">Promocje odzie\u017c, bielizna, obuwie<\/a> <br \/> <br \/>     <script src=\"https:\/\/cdn.jsdelivr.net\/npm\/chart.js\"><\/script>\n    <script>\n        function setCanvasSize(canvas) {\n            const cs = getComputedStyle(canvas);\n            canvas.width = Math.round(parseFloat(cs.width));\n            canvas.height = Math.round(parseFloat(cs.height));\n        }\n\n        function renderChart(n, data) {\n            const id = 'chart-' + n;\n            const canvas = document.getElementById(id);\n            if (!canvas) { console.warn('No canvas with id', id); return; }\n            if (canvas.dataset.rendered) return;\n            setCanvasSize(canvas);\n            const ctx = canvas.getContext('2d');\n            new Chart(ctx, {\n                type: 'line',\n                data: {\n                    labels: data.labels,\n                    datasets: [{\n                        label: data.label || 'z\u0142',\n                        data: data.values,\n                        borderColor: data.color || 'rgba(220,20,60,1)',\n                        backgroundColor: data.bg || 'rgba(220,20,60,0.12)',\n                        tension: 0.2,\n                        fill: true,\n                        pointRadius: 3\n                    }]\n                },\n                options: {\n                    responsive: false,\n                    maintainAspectRatio: false,\n                    scales: { y: { beginAtZero: false } },\n                    plugins: { legend: { display: false } }\n                }\n            });\n            canvas.dataset.rendered = '1';\n        }\n\n        function parseDatePrice(s) {\n            if (!s) return { labels: [], values: [] };\n            const pairs = s.split('|').map(p => p.trim()).filter(Boolean).map(p => {\n                const [date, price] = p.split(':').map(x => x && x.trim());\n                const num = Number((price ?? '').replace(\/,\/g, ''));\n                return { date, price: num };\n            }).filter(p => p.date && Number.isFinite(p.price));\n            pairs.sort((a, b) => new Date(a.date) - new Date(b.date));\n            return { labels: pairs.map(p => p.date), values: pairs.map(p => p.price) };\n        }\n    <\/script>\n      const raw1 = '2026-07-18:323.99|2025-12-03:629.99|2025-09-24:369.99|2025-06-27:409.99|2025-05-14:459.99&#8242;; const raw2 = '2026-07-18:179.99|2026-06-17:221.99|2026-06-09:246.99|2026-06-04:274.99|2026-02-20:339.99|2026-02-03:269.99|2026-01-18:169.99&#8242;; const raw3 = '2026-07-18:179.99|2026-06-17:221.99|2026-06-09:246.99|2026-06-04:274.99|2026-02-20:339.99|2026-02-03:269.99|2026-01-18:169.99&#8242;; const raw4 = '2026-07-18:179.99|2026-06-17:221.99|2026-06-09:246.99|2026-06-04:274.99|2026-02-20:339.99|2026-02-03:269.99|2026-01-18:169.99&#8242;; const raw5 = '2026-07-18:179.99|2026-06-17:221.99|2026-06-09:246.99|2026-06-04:274.99|2026-02-20:339.99|2026-02-03:269.99|2026-01-18:169.99&#8242;; const data1 = parseDatePrice(raw1); const data2 = parseDatePrice(raw2); const data3 = parseDatePrice(raw3); const data4 = parseDatePrice(raw4); const data5 = parseDatePrice(raw5); document.addEventListener(&#8217;DOMContentLoaded&#8217;, () =&gt; { renderChart(1, data1); renderChart(2, data2); renderChart(3, data3); renderChart(4, data4); renderChart(5, data5); }); <\/p>\n","protected":false},"excerpt":{"rendered":"<p>Letnie espadryle w Modivo teraz taniej! Zaoszcz\u0119dzisz nawet 306 z\u0142 na pi\u0119ciu modelach. Skorzystaj z promocji i przygotuj si\u0119 na wakacyjny czas! <\/p>\n","protected":false},"author":3,"featured_media":1667,"comment_status":"closed","ping_status":"","sticky":false,"template":"","format":"standard","meta":{"footnotes":""},"categories":[5],"tags":[],"class_list":["post-1666","post","type-post","status-publish","format-standard","has-post-thumbnail","hentry","category-promocje","entry"],"_links":{"self":[{"href":"https:\/\/okazjetygodnia.pl\/moda\/wp-json\/wp\/v2\/posts\/1666","targetHints":{"allow":["GET"]}}],"collection":[{"href":"https:\/\/okazjetygodnia.pl\/moda\/wp-json\/wp\/v2\/posts"}],"about":[{"href":"https:\/\/okazjetygodnia.pl\/moda\/wp-json\/wp\/v2\/types\/post"}],"author":[{"embeddable":true,"href":"https:\/\/okazjetygodnia.pl\/moda\/wp-json\/wp\/v2\/users\/3"}],"replies":[{"embeddable":true,"href":"https:\/\/okazjetygodnia.pl\/moda\/wp-json\/wp\/v2\/comments?post=1666"}],"version-history":[{"count":0,"href":"https:\/\/okazjetygodnia.pl\/moda\/wp-json\/wp\/v2\/posts\/1666\/revisions"}],"wp:featuredmedia":[{"embeddable":true,"href":"https:\/\/okazjetygodnia.pl\/moda\/wp-json\/wp\/v2\/media\/1667"}],"wp:attachment":[{"href":"https:\/\/okazjetygodnia.pl\/moda\/wp-json\/wp\/v2\/media?parent=1666"}],"wp:term":[{"taxonomy":"category","embeddable":true,"href":"https:\/\/okazjetygodnia.pl\/moda\/wp-json\/wp\/v2\/categories?post=1666"},{"taxonomy":"post_tag","embeddable":true,"href":"https:\/\/okazjetygodnia.pl\/moda\/wp-json\/wp\/v2\/tags?post=1666"}],"curies":[{"name":"wp","href":"https:\/\/api.w.org\/{rel}","templated":true}]}}