
{"id":1662,"date":"2026-07-14T16:41:46","date_gmt":"2026-07-14T16:41:46","guid":{"rendered":"https:\/\/moda.okazjetygodnia.pl\/?p=1662"},"modified":"2026-07-14T16:41:46","modified_gmt":"2026-07-14T16:41:46","slug":"promocja-polbutow-plaskich-w-eobuwie-5-modeli-%f0%9f%8c%9f","status":"publish","type":"post","link":"https:\/\/okazjetygodnia.pl\/moda\/promocja-polbutow-plaskich-w-eobuwie-5-modeli-%f0%9f%8c%9f\/","title":{"rendered":"Promocja P\u00f3\u0142but\u00f3w P\u0142askich w eobuwie &#8211; 5 modeli! \ud83c\udf1f"},"content":{"rendered":"<p> Odkryj nowe promocje cenowe w eobuwie na wybrane p\u00f3\u0142buty p\u0142askie! Zaoszcz\u0119d\u017a nawet -10% lub -57 z\u0142 na wybranych produktach, np. P\u00f3\u0142buty Polo Ralph Lauren Asher Derby Ds Dby 803945279002 czy P\u00f3\u0142buty Aldo Ardenn 14112530 w br\u0105zowym kolorze. Nie przegap okazji na zakup! <\/p>\n<h3>P\u00f3\u0142buty Polo Ralph Lauren Asher Derby Ds Dby 803945279002 Czarny &#8211; m\u0119skie &#8211; zni\u017cka -8 %<\/h3>\n<p>P\u00f3\u0142buty Polo Ralph Lauren Asher Derby Ds Dby 803945279002 Czarny &#8211; m\u0119skie s\u0105 doskona\u0142ym wyborem dla wszystkich Pan\u00f3w ceni\u0105cych wysok\u0105 jako\u015b\u0107 i elegancj\u0119. Wykonane z sk\u00f3ry naturalnej licowej, zapewniaj\u0105 nie tylko stylowy wygl\u0105d, ale tak\u017ce wygod\u0119 noszenia. Klasyczny kolor czarny sprawia, \u017ce s\u0105 uniwersalne i pasuj\u0105 praktycznie do ka\u017cdej stylizacji. <br \/>Aktualnie mo\u017cna je zakupi\u0107 za cen\u0119 tylko 642.99 z\u0142, co oznacza obni\u017ck\u0119 o -57 z\u0142 (-8%) w por\u00f3wnaniu do poprzedniej ceny 699.99 z\u0142. To doskona\u0142a okazja, aby doda\u0107 te wyj\u0105tkowe p\u00f3\u0142buty do swojej kolekcji obuwia. Nie zwlekaj i skorzystaj z promocji ju\u017c teraz!<br \/><\/p>\n<h5>Zmiana ceny P\u00f3\u0142buty Polo Ralph Lauren Asher Derby Ds Dby 803945279002 Czarny &#8211; m\u0119skie<\/h5>\n<p>Szczeg\u00f3\u0142owe informacje: <a href=\"https:\/\/moda.okazjetygodnia.pl\/oferta\/eobuwie\/polbuty-polo-ralph-lauren-asher-derby-ds-dby-803945279002-czarny-meskie-149043\/\">P\u00f3\u0142buty Polo Ralph Lauren Asher Derby Ds Dby 803945279002 Czarny &#8211; m\u0119skie<\/a> <\/p>\n<h3>P\u00f3\u0142buty Aldo Ardenn 14112530 Br\u0105zowy &#8211; m\u0119skie &#8211; zni\u017cka -5 %<\/h3>\n<p>P\u00f3\u0142buty Aldo Ardenn 14112530 Br\u0105zowy &#8211; m\u0119skie to doskona\u0142y wyb\u00f3r dla ka\u017cdego m\u0119\u017cczyzny, kt\u00f3ry ceni sobie wygod\u0119 i styl. Klasyczny br\u0105zowy kolor sprawia, \u017ce s\u0105 one uniwersalne i \u0142atwo dopasowuj\u0105 si\u0119 do r\u00f3\u017cnych stylizacji. Wykonane z wysokiej jako\u015bci materia\u0142\u00f3w, zapewniaj\u0105 komfort noszenia przez ca\u0142y dzie\u0144.<br \/>Aktualnie cena produktu wynosi 207.99 z\u0142, co stanowi obni\u017ck\u0119 o -11 z\u0142 (-5%) w por\u00f3wnaniu ze wcze\u015bniejsz\u0105 cen\u0105 218.99 z\u0142. To doskona\u0142a okazja, aby zaopatrzy\u0107 si\u0119 w designerskie obuwie w atrakcyjnej cenie. Nie przegap tej okazji i dodaj te eleganckie p\u00f3\u0142buty do swojej kolekcji ju\u017c teraz!<br \/><\/p>\n<h5>Zmiana ceny P\u00f3\u0142buty Aldo Ardenn 14112530 Br\u0105zowy &#8211; m\u0119skie<\/h5>\n<p>Szczeg\u00f3\u0142owe informacje: <a href=\"https:\/\/moda.okazjetygodnia.pl\/oferta\/eobuwie\/polbuty-aldo-ardenn-14112530-brazowy-meskie-1206053\/\">P\u00f3\u0142buty Aldo Ardenn 14112530 Br\u0105zowy &#8211; m\u0119skie<\/a> <\/p>\n<h3>P\u00f3\u0142buty Aldo Ardenn 14112530 Br\u0105zowy &#8211; m\u0119skie &#8211; zni\u017cka -5 %<\/h3>\n<p>P\u00f3\u0142buty Aldo Ardenn 14112530 Br\u0105zowy &#8211; m\u0119skie to eleganckie obuwie, kt\u00f3re \u015bwietnie podkre\u015bli ka\u017cd\u0105 m\u0119sk\u0105 stylizacj\u0119. Dzi\u0119ki br\u0105zowemu kolorowi oraz imitacji sk\u00f3ry naturalnej cholewki, te p\u00f3\u0142buty s\u0105 idealne na co dzie\u0144. S\u0105 bardzo wygodne dzi\u0119ki p\u0142askiemu obcasowi oraz sznurowanemu zapi\u0119ciu. Marka Aldo gwarantuje wysok\u0105 jako\u015b\u0107 i trwa\u0142o\u015b\u0107 produktu. Aktualnie mo\u017cesz je naby\u0107 w \u015bwietnej cenie, bo obni\u017cona zosta\u0142a o -11 z\u0142, co stanowi -5% rabat. Teraz za jedyne 207.99 z\u0142 mo\u017cesz cieszy\u0107 si\u0119 wysokim komfortem i modnym wygl\u0105dem!<br \/><\/p>\n<h5>Zmiana ceny P\u00f3\u0142buty Aldo Ardenn 14112530 Br\u0105zowy &#8211; m\u0119skie<\/h5>\n<p>Szczeg\u00f3\u0142owe informacje: <a href=\"https:\/\/moda.okazjetygodnia.pl\/oferta\/eobuwie\/polbuty-aldo-ardenn-14112530-brazowy-meskie-1206053\/\">P\u00f3\u0142buty Aldo Ardenn 14112530 Br\u0105zowy &#8211; m\u0119skie<\/a> <\/p>\n<h3>P\u00f3\u0142buty Aldo Ardenn 14112530 Br\u0105zowy &#8211; m\u0119skie &#8211; zni\u017cka -5 %<\/h3>\n<p>P\u00f3\u0142buty Aldo Ardenn 14112530 Br\u0105zowy &#8211; m\u0119skie to doskona\u0142y wyb\u00f3r dla wszystkich m\u0119\u017cczyzn, kt\u00f3rzy ceni\u0105 sobie wygod\u0119 i styl. Klasyczny br\u0105zowy kolor sprawia, \u017ce b\u0119d\u0105 one idealnym dodatkiem do wielu codziennych stylizacji. Wykonane z wysokiej jako\u015bci imitacji sk\u00f3ry naturalnej, gwarantuj\u0105 trwa\u0142o\u015b\u0107 i komfort noszenia. Dzi\u0119ki p\u0142askiemu obcasowi oraz sznurowanemu zapi\u0119ciu, otrzymujemy buty idealne na sezon jesienno-zimowy. <br \/>Teraz mo\u017cesz je mie\u0107 za jeszcze ni\u017csz\u0105 cen\u0119 &#8211; obecna promocja obni\u017cy\u0142a cen\u0119 produktu z 218.99 z\u0142 na 207.99 z\u0142, co daje nam mo\u017cliwo\u015b\u0107 zaoszcz\u0119dzenia a\u017c 11 z\u0142, czyli 5%. Nie zwlekaj i skorzystaj z tej fantastycznej okazji ju\u017c teraz!<br \/><\/p>\n<h5>Zmiana ceny P\u00f3\u0142buty Aldo Ardenn 14112530 Br\u0105zowy &#8211; m\u0119skie<\/h5>\n<p>Szczeg\u00f3\u0142owe informacje: <a href=\"https:\/\/moda.okazjetygodnia.pl\/oferta\/eobuwie\/polbuty-aldo-ardenn-14112530-brazowy-meskie-1206053\/\">P\u00f3\u0142buty Aldo Ardenn 14112530 Br\u0105zowy &#8211; m\u0119skie<\/a> <br \/>Codziennie nowe wyprzeda\u017ce i promocje na GetLook. <a href=\"https:\/\/pl.getlook.eu\/\">Wyprzeda\u017ce bielizna damska, m\u0119ska, dzieci\u0119ca<\/a> <br \/> <br \/>     <script src=\"https:\/\/cdn.jsdelivr.net\/npm\/chart.js\"><\/script>\n    <script>\n        function setCanvasSize(canvas) {\n            const cs = getComputedStyle(canvas);\n            canvas.width = Math.round(parseFloat(cs.width));\n            canvas.height = Math.round(parseFloat(cs.height));\n        }\n\n        function renderChart(n, data) {\n            const id = 'chart-' + n;\n            const canvas = document.getElementById(id);\n            if (!canvas) { console.warn('No canvas with id', id); return; }\n            if (canvas.dataset.rendered) return;\n            setCanvasSize(canvas);\n            const ctx = canvas.getContext('2d');\n            new Chart(ctx, {\n                type: 'line',\n                data: {\n                    labels: data.labels,\n                    datasets: [{\n                        label: data.label || 'z\u0142',\n                        data: data.values,\n                        borderColor: data.color || 'rgba(220,20,60,1)',\n                        backgroundColor: data.bg || 'rgba(220,20,60,0.12)',\n                        tension: 0.2,\n                        fill: true,\n                        pointRadius: 3\n                    }]\n                },\n                options: {\n                    responsive: false,\n                    maintainAspectRatio: false,\n                    scales: { y: { beginAtZero: false } },\n                    plugins: { legend: { display: false } }\n                }\n            });\n            canvas.dataset.rendered = '1';\n        }\n\n        function parseDatePrice(s) {\n            if (!s) return { labels: [], values: [] };\n            const pairs = s.split('|').map(p => p.trim()).filter(Boolean).map(p => {\n                const [date, price] = p.split(':').map(x => x && x.trim());\n                const num = Number((price ?? '').replace(\/,\/g, ''));\n                return { date, price: num };\n            }).filter(p => p.date && Number.isFinite(p.price));\n            pairs.sort((a, b) => new Date(a.date) - new Date(b.date));\n            return { labels: pairs.map(p => p.date), values: pairs.map(p => p.price) };\n        }\n    <\/script>\n      const raw1 = '2026-07-14:642.99|2026-06-12:699.99|2026-05-23:753.99|2026-04-11:837.99|2026-03-05:930.99|2026-02-03:979.99|2026-01-29:669.99|2025-12-11:739.99|2025-12-05:789.99|2025-12-03:1049|2025-11-30:589.99|2025-11-14:699.99|2025-10-05:779.99|2025-05-09:1049|2025-03-22:649.99&#8242;; const raw2 = '2026-07-14:207.99|2026-06-17:218.99|2026-05-15:242.99|2026-04-25:269.99|2026-03-31:284.99|2026-02-03:299.99|2025-10-05:239.99&#8242;; const raw3 = '2026-07-14:207.99|2026-06-17:218.99|2026-05-15:242.99|2026-04-25:269.99|2026-03-31:284.99|2026-02-03:299.99|2025-10-05:239.99&#8242;; const raw4 = '2026-07-14:207.99|2026-06-17:218.99|2026-05-15:242.99|2026-04-25:269.99|2026-03-31:284.99|2026-02-03:299.99|2025-10-05:239.99&#8242;; const data1 = parseDatePrice(raw1); const data2 = parseDatePrice(raw2); const data3 = parseDatePrice(raw3); const data4 = parseDatePrice(raw4); document.addEventListener(&#8217;DOMContentLoaded&#8217;, () =&gt; { renderChart(1, data1); renderChart(2, data2); renderChart(3, data3); renderChart(4, data4); }); <\/p>\n","protected":false},"excerpt":{"rendered":"<p>Odkryj nowe promocje cenowe w eobuwie na wybrane p\u00f3\u0142buty p\u0142askie! Zaoszcz\u0119d\u017a nawet -10% lub -57 z\u0142 na wybranych produktach, np. P\u00f3\u0142buty Polo Ralph Lauren Asher Derby Ds Dby 803945279002 czy P\u00f3\u0142buty Aldo Ardenn 14112530 w br\u0105zowym kolorze. Nie przegap okazji na zakup! <\/p>\n","protected":false},"author":3,"featured_media":1663,"comment_status":"closed","ping_status":"","sticky":false,"template":"","format":"standard","meta":{"footnotes":""},"categories":[5],"tags":[],"class_list":["post-1662","post","type-post","status-publish","format-standard","has-post-thumbnail","hentry","category-promocje","entry"],"_links":{"self":[{"href":"https:\/\/okazjetygodnia.pl\/moda\/wp-json\/wp\/v2\/posts\/1662","targetHints":{"allow":["GET"]}}],"collection":[{"href":"https:\/\/okazjetygodnia.pl\/moda\/wp-json\/wp\/v2\/posts"}],"about":[{"href":"https:\/\/okazjetygodnia.pl\/moda\/wp-json\/wp\/v2\/types\/post"}],"author":[{"embeddable":true,"href":"https:\/\/okazjetygodnia.pl\/moda\/wp-json\/wp\/v2\/users\/3"}],"replies":[{"embeddable":true,"href":"https:\/\/okazjetygodnia.pl\/moda\/wp-json\/wp\/v2\/comments?post=1662"}],"version-history":[{"count":0,"href":"https:\/\/okazjetygodnia.pl\/moda\/wp-json\/wp\/v2\/posts\/1662\/revisions"}],"wp:featuredmedia":[{"embeddable":true,"href":"https:\/\/okazjetygodnia.pl\/moda\/wp-json\/wp\/v2\/media\/1663"}],"wp:attachment":[{"href":"https:\/\/okazjetygodnia.pl\/moda\/wp-json\/wp\/v2\/media?parent=1662"}],"wp:term":[{"taxonomy":"category","embeddable":true,"href":"https:\/\/okazjetygodnia.pl\/moda\/wp-json\/wp\/v2\/categories?post=1662"},{"taxonomy":"post_tag","embeddable":true,"href":"https:\/\/okazjetygodnia.pl\/moda\/wp-json\/wp\/v2\/tags?post=1662"}],"curies":[{"name":"wp","href":"https:\/\/api.w.org\/{rel}","templated":true}]}}