
{"id":1276,"date":"2026-06-12T16:41:49","date_gmt":"2026-06-12T16:41:49","guid":{"rendered":"https:\/\/pl.getlook.eu\/?p=1276"},"modified":"2026-07-11T08:39:39","modified_gmt":"2026-07-11T08:39:39","slug":"espadryle-od-modivo-promocja-nowe-rabaty","status":"publish","type":"post","link":"https:\/\/okazjetygodnia.pl\/moda\/espadryle-od-modivo-promocja-nowe-rabaty\/","title":{"rendered":"Espadryle od Modivo &#8211; promocja. Nowe rabaty"},"content":{"rendered":"<p>Zapomnij o nudnych letnich stylizacjach! W Modivo jest promocja na espadryle z rabatem do -40%! Oszcz&#281;d&#378; nawet 48 z&#322;, kupuj&#261;c Quiksilver Espadryle WAVESTRIDE-01 Bia&#322;y czy Clara Barson Espadryle AUSSIE WS2189-26 Czarny. Od&#347;wie&#380; swoj&#261; garderob&#281; ju&#380; teraz! <\/p>\n<h3>Quiksilver Espadryle WAVESTRIDE-01 Bia&#322;y &#8211; zni&#380;ka -40 %<\/h3>\n<p>W sklepie Modivo trwa promocja cenowa na espadryle m&#281;skie Quiksilver WAVESTRIDE-01 w kolorze bia&#322;ym. Obecnie produkt mo&#380;na zakupi&#263; za 71.99 z&#322;, co stanowi obni&#380;k&#281; o 48 z&#322; (40%) w por&oacute;wnaniu z poprzedni&#261; cen&#261; 119.99 z&#322;. Espadryle te s&#261; dost&#281;pne we wszystkich rozmiarach &#8211; 40, 41, 43, 44. Jako producenta wymieniony jest Quiksilver, co gwarantuje wysok&#261; jako&#347;&#263; i wygod&#281; noszenia obuwia. Jak sama nazwa sugeruje, s&#261; one idealne na letnie dni &#8211; lekkie, wygodne i stylowe. Dzi&#281;ki kolorowi bia&#322;emu pasuj&#261; do wielu r&oacute;&#380;norodnych stylizacji, sprawiaj&#261;c, &#380;e b&#281;d&#261; doskona&#322;ym uzupe&#322;nieniem letniej garderoby. Nie zwlekaj z zakupem, poniewa&#380; ta wyj&#261;tkowa promocja szybko si&#281; ko&#324;czy!<br \/><\/p>\n<h5>Zmiana ceny Quiksilver Espadryle WAVESTRIDE-01 Bia&#322;y<\/h5>\n<p>Szczeg&oacute;&#322;owe informacje: <a href=\"https:\/\/moda.okazjetygodnia.pl\/oferta\/modivo\/quiksilver-espadryle-wavestride-01-bialy-1061000\/\">Quiksilver Espadryle WAVESTRIDE-01 Bia&#322;y<\/a><canvas id=\"chart-1\" class=\"chart\"><\/canvas> <\/p>\n<h3>Clara Barson Espadryle AUSSIE WS2189-26 Czarny &#8211; zni&#380;ka -31 %<\/h3>\n<p>W sklepie Modivo trwa promocja cenowa na espadryle damskie marki Clara Barson model AUSSIE WS2189-26 w kolorze czarnym. Obecnie cena produktu wynosi 82.99 z&#322;, co oznacza obni&#380;k&#281; o -37 z&#322; (-31%) w por&oacute;wnaniu do poprzedniej ceny 119.99 z&#322;. Espadryle te s&#261; dost&#281;pne we wszystkich rozmiarach: 36, 37, 38, 39, 40, 41, 42. Skorzystaj z tej &#347;wietnej okazji i uzupe&#322;nij swoj&#261; kolekcj&#281; obuwia o ten modny i wygodny model! Ju&#380; teraz zapewnij sobie wygod&#281; i &#347;wietny styl za korzystn&#261; cen&#281;.<br \/><\/p>\n<h5>Zmiana ceny Clara Barson Espadryle AUSSIE WS2189-26 Czarny<\/h5>\n<p>Szczeg&oacute;&#322;owe informacje: <a href=\"https:\/\/moda.okazjetygodnia.pl\/oferta\/modivo\/clara-barson-espadryle-aussie-ws2189-26-czarny-850900\/\">Clara Barson Espadryle AUSSIE WS2189-26 Czarny<\/a><canvas id=\"chart-2\" class=\"chart\"><\/canvas> <\/p>\n<h3>Clara Barson Espadryle AUSSIE WS2189-26 Czarny &#8211; zni&#380;ka -31 %<\/h3>\n<p>Obecnie w sklepie Modivo mo&#380;na zakupi&#263; espadryle damskie marki Clara Barson w kolorze czarnym za rewelacyjn&#261; cen&#281; 82.99 z&#322;. To ni&#380;sza cena o 37 z&#322; ni&#380; poprzednio, co oznacza obni&#380;k&#281; o 31 procent. Model AUSSIE WS2189-26 zachwyci wszystkie kobiety, kt&oacute;re ceni&#261; sobie komfort i styl. Dost&#281;pne rozmiary to: 36, 37, 38, 39, 40, 41, 42. Nie zwlekaj, korzystaj z atrakcyjnej promocji i dodaj te espadryle do swojej kolekcji ju&#380; dzi&#347;!<br \/><\/p>\n<h5>Zmiana ceny Clara Barson Espadryle AUSSIE WS2189-26 Czarny<\/h5>\n<p>Szczeg&oacute;&#322;owe informacje: <a href=\"https:\/\/moda.okazjetygodnia.pl\/oferta\/modivo\/clara-barson-espadryle-aussie-ws2189-26-czarny-850900\/\">Clara Barson Espadryle AUSSIE WS2189-26 Czarny<\/a><canvas id=\"chart-3\" class=\"chart\"><\/canvas> <br \/>Codziennie nowe promocje i najlepsze oferty na GetLook. <a href=\"https:\/\/moda.okazjetygodnia.pl\/\" alt=\"Promocje moda, odzie&#380;, obuwie\">Promocje odzie&#380; damska, m&#281;ska, dzieci&#281;ca<\/a> <br \/> <br \/>     <script src=\"https:\/\/cdn.jsdelivr.net\/npm\/chart.js\"><\/script>\n    <script>\n        function setCanvasSize(canvas) {\n            const cs = getComputedStyle(canvas);\n            canvas.width = Math.round(parseFloat(cs.width));\n            canvas.height = Math.round(parseFloat(cs.height));\n        }\n\n        function renderChart(n, data) {\n            const id = 'chart-' + n;\n            const canvas = document.getElementById(id);\n            if (!canvas) { console.warn('No canvas with id', id); return; }\n            if (canvas.dataset.rendered) return;\n            setCanvasSize(canvas);\n            const ctx = canvas.getContext('2d');\n            new Chart(ctx, {\n                type: 'line',\n                data: {\n                    labels: data.labels,\n                    datasets: [{\n                        label: data.label || 'z\u0142',\n                        data: data.values,\n                        borderColor: data.color || 'rgba(220,20,60,1)',\n                        backgroundColor: data.bg || 'rgba(220,20,60,0.12)',\n                        tension: 0.2,\n                        fill: true,\n                        pointRadius: 3\n                    }]\n                },\n                options: {\n                    responsive: false,\n                    maintainAspectRatio: false,\n                    scales: { y: { beginAtZero: false } },\n                    plugins: { legend: { display: false } }\n                }\n            });\n            canvas.dataset.rendered = '1';\n        }\n\n        function parseDatePrice(s) {\n            if (!s) return { labels: [], values: [] };\n            const pairs = s.split('|').map(p => p.trim()).filter(Boolean).map(p => {\n                const [date, price] = p.split(':').map(x => x && x.trim());\n                const num = Number((price ?? '').replace(\/,\/g, ''));\n                return { date, price: num };\n            }).filter(p => p.date && Number.isFinite(p.price));\n            pairs.sort((a, b) => new Date(a.date) - new Date(b.date));\n            return { labels: pairs.map(p => p.date), values: pairs.map(p => p.price) };\n        }\n    <\/script>\n     <script> const raw1 = '2026-06-12:71.99|2025-09-19:119.99|2025-09-07:99.99|2025-08-18:119.99'; const raw2 = '2026-06-12:82.99|2025-09-19:119.99|2025-09-07:99.99|2025-07-01:119.99'; const raw3 = '2026-06-12:82.99|2025-09-19:119.99|2025-09-07:99.99|2025-07-01:119.99'; const data1 = parseDatePrice(raw1); const data2 = parseDatePrice(raw2); const data3 = parseDatePrice(raw3); document.addEventListener('DOMContentLoaded', () => { renderChart(1, data1); renderChart(2, data2); renderChart(3, data3); }); <\/script><\/p>\n","protected":false},"excerpt":{"rendered":"<p>Zapomnij o nudnych letnich stylizacjach! W Modivo jest promocja na espadryle z rabatem do -40%! Oszcz\u0119d\u017a nawet 48 z\u0142, kupuj\u0105c Quiksilver Espadryle WAVESTRIDE-01 Bia\u0142y czy Clara Barson Espadryle AUSSIE WS2189-26 Czarny. Od\u015bwie\u017c swoj\u0105 garderob\u0119 ju\u017c teraz! <\/p>\n","protected":false},"author":3,"featured_media":1277,"comment_status":"closed","ping_status":"","sticky":false,"template":"","format":"standard","meta":{"footnotes":""},"categories":[5],"tags":[],"class_list":["post-1276","post","type-post","status-publish","format-standard","has-post-thumbnail","hentry","category-promocje","entry"],"_links":{"self":[{"href":"https:\/\/okazjetygodnia.pl\/moda\/wp-json\/wp\/v2\/posts\/1276","targetHints":{"allow":["GET"]}}],"collection":[{"href":"https:\/\/okazjetygodnia.pl\/moda\/wp-json\/wp\/v2\/posts"}],"about":[{"href":"https:\/\/okazjetygodnia.pl\/moda\/wp-json\/wp\/v2\/types\/post"}],"author":[{"embeddable":true,"href":"https:\/\/okazjetygodnia.pl\/moda\/wp-json\/wp\/v2\/users\/3"}],"replies":[{"embeddable":true,"href":"https:\/\/okazjetygodnia.pl\/moda\/wp-json\/wp\/v2\/comments?post=1276"}],"version-history":[{"count":1,"href":"https:\/\/okazjetygodnia.pl\/moda\/wp-json\/wp\/v2\/posts\/1276\/revisions"}],"predecessor-version":[{"id":1339,"href":"https:\/\/okazjetygodnia.pl\/moda\/wp-json\/wp\/v2\/posts\/1276\/revisions\/1339"}],"wp:featuredmedia":[{"embeddable":true,"href":"https:\/\/okazjetygodnia.pl\/moda\/wp-json\/wp\/v2\/media\/1277"}],"wp:attachment":[{"href":"https:\/\/okazjetygodnia.pl\/moda\/wp-json\/wp\/v2\/media?parent=1276"}],"wp:term":[{"taxonomy":"category","embeddable":true,"href":"https:\/\/okazjetygodnia.pl\/moda\/wp-json\/wp\/v2\/categories?post=1276"},{"taxonomy":"post_tag","embeddable":true,"href":"https:\/\/okazjetygodnia.pl\/moda\/wp-json\/wp\/v2\/tags?post=1276"}],"curies":[{"name":"wp","href":"https:\/\/api.w.org\/{rel}","templated":true}]}}