
{"id":1248,"date":"2026-05-27T16:41:48","date_gmt":"2026-05-27T16:41:48","guid":{"rendered":"https:\/\/pl.getlook.eu\/?p=1248"},"modified":"2026-07-11T08:39:39","modified_gmt":"2026-07-11T08:39:39","slug":"baleriny-od-modivo-promocja-nowe-rabaty","status":"publish","type":"post","link":"https:\/\/okazjetygodnia.pl\/moda\/baleriny-od-modivo-promocja-nowe-rabaty\/","title":{"rendered":"Baleriny od Modivo &#8211; promocja. Nowe rabaty"},"content":{"rendered":"<p>Nowo&#347;ci&#261; s&#261; promocje cenowe na baleriny! Zaoszcz&#281;d&#378; nawet do -51 z&#322; na modelach takich marek jak Balagan i LAUREN RALPH LAUREN. Nie przegap okazji na zakup swoich ulubionych baleriny w obni&#380;onych cenach! Od&#347;wie&#380; swoj&#261; kolekcj&#281; obuwia na wiosn&#281;! <\/p>\n<h3>Wyj&#261;tkowa oferta na baleriny Opera &Eacute;cru marki Balagan w sklepie Modivo &#8211; teraz tylko 432.99 z&#322;!<\/h3>\n<p>W sklepie Modivo trwa promocja cenowa na baleriny Opera &Eacute;cru marki Balagan. Obecnie cena produktu wynosi 432.99 z&#322;, co oznacza obni&#380;k&#281; o -51 z&#322; (-11%) w por&oacute;wnaniu z poprzedni&#261; cen&#261; 483.99 z&#322;. Baleriny s&#261; dost&#281;pne we wszystkich rozmiarach: 36, 37, 38, 41. Opera &Eacute;cru to eleganckie baleriny, kt&oacute;re sprawdz&#261; si&#281; doskonale jako obuwie na co dzie&#324;. Ich klasyczny design w kolorze &eacute;cru pasuje do wielu stylizacji, dodaj&#261;c im subtelnego uroku. Produkt wykonany jest z wysokiej jako&#347;ci materia&#322;&oacute;w, co gwarantuje wygod&#281; noszenia przez d&#322;ugi czas. Baleriny Balagan Opera &Eacute;cru to wyb&oacute;r, kt&oacute;ry warto rozwa&#380;y&#263;, zw&#322;aszcza teraz, gdy mo&#380;na je kupi&#263; w korzystnej cenie.<br \/><\/p>\n<h5>Zmiana ceny<\/h5>\n<p>Szczeg&oacute;&#322;owe informacje: <a href=\"https:\/\/moda.okazjetygodnia.pl\/oferta\/modivo\/balagan-baleriny-opera-ecru-772793\/\">Balagan Baleriny Opera &Eacute;cru<\/a><canvas id=\"chart-1\" class=\"chart\"><\/canvas> <\/p>\n<h3>&#346;wietna okazja na baleriny LAUREN RALPH LAUREN w sklepie Modivo!<\/h3>\n<p>Promocja cenowa na baleriny LAUREN RALPH LAUREN 802940728006 &Eacute;cru w sklepie Modivo jest teraz naprawd&#281; atrakcyjna! Cena produktu zosta&#322;a obni&#380;ona z 504.99 z&#322; do 454.99 z&#322;, co stanowi rabat w wysoko&#347;ci 50 z&#322; (-10%). Baleriny te s&#261; eleganckie i stylowe, idealne na wiele okazji. Dost&#281;pne s&#261; w rozmiarach 36, 37, 37_1_2, 38, 39_1_2, wi&#281;c ka&#380;da kobieta znajdzie odpowiedni dla siebie. Nie przegap okazji na zakup tego niezwyk&#322;ego obuwia w obni&#380;onej cenie &#8211; warto skorzysta&#263; z tej wyj&#261;tkowej promocji!<br \/><\/p>\n<h5>Zmiana ceny<\/h5>\n<p>Szczeg&oacute;&#322;owe informacje: <a href=\"https:\/\/moda.okazjetygodnia.pl\/oferta\/modivo\/lauren-ralph-lauren-baleriny-802940728006-ecru-1338598\/\">LAUREN RALPH LAUREN Baleriny 802940728006 &Eacute;cru<\/a><canvas id=\"chart-2\" class=\"chart\"><\/canvas> <\/p>\n<h3>Wyj&#261;tkowa promocja na baleriny LAUREN RALPH LAUREN w sklepie Modivo!<\/h3>\n<p>Promocja cenowa na baleriny LAUREN RALPH LAUREN w kolorze &Eacute;cru w sklepie Modivo jest obecnie dost&#281;pna! Cena produktu wynosi teraz 454.99 z&#322;, co oznacza obni&#380;k&#281; o -50 z&#322; (-10%) w por&oacute;wnaniu do poprzedniej ceny 504.99 z&#322;. Baleriny te s&#261; dost&#281;pne we wszystkich rozmiarach: 36, 37, 37_1_2, 38, 39_1_2. Je&#347;li szukasz wygodnych i stylowych but&oacute;w na co dzie&#324;, to ten model na pewno Ci&#281; zainteresuje. &#346;wietna okazja, aby uzupe&#322;ni&#263; swoj&#261; kolekcj&#281; obuwia w atrakcyjnej cenie!<br \/><\/p>\n<h5>Zmiana ceny<\/h5>\n<p>Szczeg&oacute;&#322;owe informacje: <a href=\"https:\/\/moda.okazjetygodnia.pl\/oferta\/modivo\/lauren-ralph-lauren-baleriny-802940728006-ecru-1338598\/\">LAUREN RALPH LAUREN Baleriny 802940728006 &Eacute;cru<\/a><canvas id=\"chart-3\" class=\"chart\"><\/canvas> <br \/>Codziennie nowe promocje i wyprzeda&#380;e na GetLook. <a href=\"https:\/\/moda.okazjetygodnia.pl\/\" alt=\"Wyprzeda&#380;e bielizna, odzie&#380;, obuwie\">Wyprzeda&#380;e odzie&#380; damska, m&#281;ska, dzieci&#281;ca<\/a> <br \/> <br \/>     <script src=\"https:\/\/cdn.jsdelivr.net\/npm\/chart.js\"><\/script>\n    <script>\n        function setCanvasSize(canvas) {\n            const cs = getComputedStyle(canvas);\n            canvas.width = Math.round(parseFloat(cs.width));\n            canvas.height = Math.round(parseFloat(cs.height));\n        }\n\n        function renderChart(n, data) {\n            const id = 'chart-' + n;\n            const canvas = document.getElementById(id);\n            if (!canvas) { console.warn('No canvas with id', id); return; }\n            if (canvas.dataset.rendered) return;\n            setCanvasSize(canvas);\n            const ctx = canvas.getContext('2d');\n            new Chart(ctx, {\n                type: 'line',\n                data: {\n                    labels: data.labels,\n                    datasets: [{\n                        label: data.label || 'z\u0142',\n                        data: data.values,\n                        borderColor: data.color || 'rgba(220,20,60,1)',\n                        backgroundColor: data.bg || 'rgba(220,20,60,0.12)',\n                        tension: 0.2,\n                        fill: true,\n                        pointRadius: 3\n                    }]\n                },\n                options: {\n                    responsive: false,\n                    maintainAspectRatio: false,\n                    scales: { y: { beginAtZero: false } },\n                    plugins: { legend: { display: false } }\n                }\n            });\n            canvas.dataset.rendered = '1';\n        }\n\n        function parseDatePrice(s) {\n            if (!s) return { labels: [], values: [] };\n            const pairs = s.split('|').map(p => p.trim()).filter(Boolean).map(p => {\n                const [date, price] = p.split(':').map(x => x && x.trim());\n                const num = Number((price ?? '').replace(\/,\/g, ''));\n                return { date, price: num };\n            }).filter(p => p.date && Number.isFinite(p.price));\n            pairs.sort((a, b) => new Date(a.date) - new Date(b.date));\n            return { labels: pairs.map(p => p.date), values: pairs.map(p => p.price) };\n        }\n    <\/script>\n     <script> const raw1 = '2026-05-27:432.99|2026-05-13:483.99|2026-04-10:569.99|2025-06-11:379.99'; const raw2 = '2026-05-27:454.99|2026-04-04:504.99|2025-06-17:379.99'; const raw3 = '2026-05-27:454.99|2026-04-04:504.99|2025-06-17:379.99'; const data1 = parseDatePrice(raw1); const data2 = parseDatePrice(raw2); const data3 = parseDatePrice(raw3); document.addEventListener('DOMContentLoaded', () => { renderChart(1, data1); renderChart(2, data2); renderChart(3, data3); }); <\/script><\/p>\n","protected":false},"excerpt":{"rendered":"<p>Nowo\u015bci\u0105 s\u0105 promocje cenowe na baleriny! Zaoszcz\u0119d\u017a nawet do -51 z\u0142 na modelach takich marek jak Balagan i LAUREN RALPH LAUREN. Nie przegap okazji na zakup swoich ulubionych baleriny w obni\u017conych cenach! Od\u015bwie\u017c swoj\u0105 kolekcj\u0119 obuwia na wiosn\u0119! <\/p>\n","protected":false},"author":3,"featured_media":1249,"comment_status":"closed","ping_status":"","sticky":false,"template":"","format":"standard","meta":{"footnotes":""},"categories":[5],"tags":[],"class_list":["post-1248","post","type-post","status-publish","format-standard","has-post-thumbnail","hentry","category-promocje","entry"],"_links":{"self":[{"href":"https:\/\/okazjetygodnia.pl\/moda\/wp-json\/wp\/v2\/posts\/1248","targetHints":{"allow":["GET"]}}],"collection":[{"href":"https:\/\/okazjetygodnia.pl\/moda\/wp-json\/wp\/v2\/posts"}],"about":[{"href":"https:\/\/okazjetygodnia.pl\/moda\/wp-json\/wp\/v2\/types\/post"}],"author":[{"embeddable":true,"href":"https:\/\/okazjetygodnia.pl\/moda\/wp-json\/wp\/v2\/users\/3"}],"replies":[{"embeddable":true,"href":"https:\/\/okazjetygodnia.pl\/moda\/wp-json\/wp\/v2\/comments?post=1248"}],"version-history":[{"count":1,"href":"https:\/\/okazjetygodnia.pl\/moda\/wp-json\/wp\/v2\/posts\/1248\/revisions"}],"predecessor-version":[{"id":1350,"href":"https:\/\/okazjetygodnia.pl\/moda\/wp-json\/wp\/v2\/posts\/1248\/revisions\/1350"}],"wp:featuredmedia":[{"embeddable":true,"href":"https:\/\/okazjetygodnia.pl\/moda\/wp-json\/wp\/v2\/media\/1249"}],"wp:attachment":[{"href":"https:\/\/okazjetygodnia.pl\/moda\/wp-json\/wp\/v2\/media?parent=1248"}],"wp:term":[{"taxonomy":"category","embeddable":true,"href":"https:\/\/okazjetygodnia.pl\/moda\/wp-json\/wp\/v2\/categories?post=1248"},{"taxonomy":"post_tag","embeddable":true,"href":"https:\/\/okazjetygodnia.pl\/moda\/wp-json\/wp\/v2\/tags?post=1248"}],"curies":[{"name":"wp","href":"https:\/\/api.w.org\/{rel}","templated":true}]}}