
{"id":1242,"date":"2026-05-24T16:41:45","date_gmt":"2026-05-24T16:41:45","guid":{"rendered":"https:\/\/pl.getlook.eu\/?p=1242"},"modified":"2026-07-11T08:39:39","modified_gmt":"2026-07-11T08:39:39","slug":"plaszcze-od-modivo-rabaty-i-wyprzedaze","status":"publish","type":"post","link":"https:\/\/okazjetygodnia.pl\/moda\/plaszcze-od-modivo-rabaty-i-wyprzedaze\/","title":{"rendered":"P\u0142aszcze od Modivo &#8211; rabaty i wyprzeda\u017ce"},"content":{"rendered":"<p>&#8222;P&#322;aszcze w promocji w Modivo! Zaoszcz&#281;d&#378; nawet do -19%! Sprawd&#378; ofert&#281; na modele Marella Trencz Roseto i Calvin Klein Trencz &#8211; teraz w promocji. Nie przegap okazji i zaoszcz&#281;d&#378; nawet -221 z&#322;!&#8221; <\/p>\n<h3>Marella Trencz Roseto 2513021021 Be&#380;owy Regular Fit &#8211; zni&#380;ka -19 %<\/h3>\n<p>Aktualnie w sklepie Modivo trwa promocja cenowa na produkt Marella Trencz Roseto 2513021021 Be&#380;owy Regular Fit. Cena obecnie wynosi 936.99 z&#322; i jest ni&#380;sza od poprzedniej ceny o -221 z&#322; (-19%). Dost&#281;pne rozmiary to 40, 42 oraz 48. Trencz jest eleganckim i stylowym elementem garderoby, kt&oacute;ry doskonale sprawdzi si&#281; w wielu okazjach. Idealnie dopasowany do sylwetki, zapewni Ci komfort i pewno&#347;&#263; siebie. Teraz mo&#380;esz mie&#263; go w rewelacyjnej cenie, korzystaj&#261;c z obecnej promocji cenowej. Nie zwlekaj i wybierz rozmiar, kt&oacute;ry najlepiej pasuje do Ciebie!<br \/><\/p>\n<h5>Historia cen<\/h5>\n<p>Szczeg&oacute;&#322;owe informacje: <a href=\"https:\/\/moda.okazjetygodnia.pl\/oferta\/modivo\/marella-trencz-roseto-2513021021-bezowy-regular-fit-1537036\/\">Marella Trencz Roseto 2513021021 Be&#380;owy Regular Fit<\/a><canvas id=\"chart-1\" class=\"chart\"><\/canvas> <\/p>\n<h3>Calvin Klein Trencz LV044C501G Be&#380;owy Regular Fit &#8211; zni&#380;ka -11 %<\/h3>\n<p>W sklepie Modivo obecnie trwa promocja cenowa na trencz Calvin Klein model LV044C501G w kolorze be&#380;owym. Cena produktu wynosi teraz 778,99 z&#322; i zosta&#322;a obni&#380;ona o 95 z&#322;, co stanowi 11% zni&#380;ki. Trencz jest dost&#281;pny we wszystkich rozmiarach: L, M i XS. Produkt ten cechuje regularny kr&oacute;j, kt&oacute;ry zapewnia komfort noszenia i modny wygl&#261;d. Skorzystaj z okazji i kup teraz ten stylowy trencz Calvin Klein w atrakcyjnej cenie!<br \/><\/p>\n<h5>Historia cen<\/h5>\n<p>Szczeg&oacute;&#322;owe informacje: <a href=\"https:\/\/moda.okazjetygodnia.pl\/oferta\/modivo\/calvin-klein-trencz-lv044c501g-bezowy-regular-fit-1537185\/\">Calvin Klein Trencz LV044C501G Be&#380;owy Regular Fit<\/a><canvas id=\"chart-2\" class=\"chart\"><\/canvas> <\/p>\n<h3>Calvin Klein Trencz LV044C501G Be&#380;owy Regular Fit &#8211; zni&#380;ka -11 %<\/h3>\n<p>W sklepie Modivo mo&#380;esz teraz kupi&#263; trencz Calvin Klein LV044C501G w kolorze be&#380;owym Regular Fit za jedynie 778.99 z&#322;! Cena obecnie jest ni&#380;sza o -95 z&#322; w por&oacute;wnaniu do poprzedniej ceny, co daje nam zni&#380;k&#281; wynosz&#261;c&#261; (-11%). Oferta dotyczy wszystkich rozmiar&oacute;w: L, M, XS. Produkt ten zachwyca nie tylko swoj&#261; jako&#347;ci&#261;, ale r&oacute;wnie&#380; klasycznym, ponadczasowym designem, kt&oacute;ry b&#281;dzie idealnym dodatkiem do ka&#380;dej stylizacji. Nie zwlekaj d&#322;u&#380;ej i skorzystaj z tej wyj&#261;tkowej promocji!<br \/><\/p>\n<h5>Historia cen<\/h5>\n<p>Szczeg&oacute;&#322;owe informacje: <a href=\"https:\/\/moda.okazjetygodnia.pl\/oferta\/modivo\/calvin-klein-trencz-lv044c501g-bezowy-regular-fit-1537185\/\">Calvin Klein Trencz LV044C501G Be&#380;owy Regular Fit<\/a><canvas id=\"chart-3\" class=\"chart\"><\/canvas> <br \/>Codziennie nowe promocje i wyprzeda&#380;e na GetLook. <a href=\"https:\/\/moda.okazjetygodnia.pl\/\" alt=\"Wyprzeda&#380;e bielizna, odzie&#380;, obuwie\">Wyprzeda&#380;e odzie&#380; damska, m&#281;ska, dzieci&#281;ca<\/a> <br \/> <br \/>     <script src=\"https:\/\/cdn.jsdelivr.net\/npm\/chart.js\"><\/script>\n    <script>\n        function setCanvasSize(canvas) {\n            const cs = getComputedStyle(canvas);\n            canvas.width = Math.round(parseFloat(cs.width));\n            canvas.height = Math.round(parseFloat(cs.height));\n        }\n\n        function renderChart(n, data) {\n            const id = 'chart-' + n;\n            const canvas = document.getElementById(id);\n            if (!canvas) { console.warn('No canvas with id', id); return; }\n            if (canvas.dataset.rendered) return;\n            setCanvasSize(canvas);\n            const ctx = canvas.getContext('2d');\n            new Chart(ctx, {\n                type: 'line',\n                data: {\n                    labels: data.labels,\n                    datasets: [{\n                        label: data.label || 'z\u0142',\n                        data: data.values,\n                        borderColor: data.color || 'rgba(220,20,60,1)',\n                        backgroundColor: data.bg || 'rgba(220,20,60,0.12)',\n                        tension: 0.2,\n                        fill: true,\n                        pointRadius: 3\n                    }]\n                },\n                options: {\n                    responsive: false,\n                    maintainAspectRatio: false,\n                    scales: { y: { beginAtZero: false } },\n                    plugins: { legend: { display: false } }\n                }\n            });\n            canvas.dataset.rendered = '1';\n        }\n\n        function parseDatePrice(s) {\n            if (!s) return { labels: [], values: [] };\n            const pairs = s.split('|').map(p => p.trim()).filter(Boolean).map(p => {\n                const [date, price] = p.split(':').map(x => x && x.trim());\n                const num = Number((price ?? '').replace(\/,\/g, ''));\n                return { date, price: num };\n            }).filter(p => p.date && Number.isFinite(p.price));\n            pairs.sort((a, b) => new Date(a.date) - new Date(b.date));\n            return { labels: pairs.map(p => p.date), values: pairs.map(p => p.price) };\n        }\n    <\/script>\n     <script> const raw1 = '2026-05-24:936.99|2026-04-15:1157.99|2026-04-12:1218.99|2025-06-27:1029|2025-05-27:1139|2025-04-12:1629'; const raw2 = '2026-05-24:778.99|2026-04-30:873.99|2026-04-05:862.99|2026-03-23:1199'; const raw3 = '2026-05-24:778.99|2026-04-30:873.99|2026-04-05:862.99|2026-03-23:1199'; const data1 = parseDatePrice(raw1); const data2 = parseDatePrice(raw2); const data3 = parseDatePrice(raw3); document.addEventListener('DOMContentLoaded', () => { renderChart(1, data1); renderChart(2, data2); renderChart(3, data3); }); <\/script><\/p>\n","protected":false},"excerpt":{"rendered":"<p>&#8222;P\u0142aszcze w promocji w Modivo! Zaoszcz\u0119d\u017a nawet do -19%! Sprawd\u017a ofert\u0119 na modele Marella Trencz Roseto i Calvin Klein Trencz &#8211; teraz w promocji. Nie przegap okazji i zaoszcz\u0119d\u017a nawet -221 z\u0142!&#8221; <\/p>\n","protected":false},"author":3,"featured_media":1243,"comment_status":"closed","ping_status":"","sticky":false,"template":"","format":"standard","meta":{"footnotes":""},"categories":[5],"tags":[],"class_list":["post-1242","post","type-post","status-publish","format-standard","has-post-thumbnail","hentry","category-promocje","entry"],"_links":{"self":[{"href":"https:\/\/okazjetygodnia.pl\/moda\/wp-json\/wp\/v2\/posts\/1242","targetHints":{"allow":["GET"]}}],"collection":[{"href":"https:\/\/okazjetygodnia.pl\/moda\/wp-json\/wp\/v2\/posts"}],"about":[{"href":"https:\/\/okazjetygodnia.pl\/moda\/wp-json\/wp\/v2\/types\/post"}],"author":[{"embeddable":true,"href":"https:\/\/okazjetygodnia.pl\/moda\/wp-json\/wp\/v2\/users\/3"}],"replies":[{"embeddable":true,"href":"https:\/\/okazjetygodnia.pl\/moda\/wp-json\/wp\/v2\/comments?post=1242"}],"version-history":[{"count":1,"href":"https:\/\/okazjetygodnia.pl\/moda\/wp-json\/wp\/v2\/posts\/1242\/revisions"}],"predecessor-version":[{"id":1353,"href":"https:\/\/okazjetygodnia.pl\/moda\/wp-json\/wp\/v2\/posts\/1242\/revisions\/1353"}],"wp:featuredmedia":[{"embeddable":true,"href":"https:\/\/okazjetygodnia.pl\/moda\/wp-json\/wp\/v2\/media\/1243"}],"wp:attachment":[{"href":"https:\/\/okazjetygodnia.pl\/moda\/wp-json\/wp\/v2\/media?parent=1242"}],"wp:term":[{"taxonomy":"category","embeddable":true,"href":"https:\/\/okazjetygodnia.pl\/moda\/wp-json\/wp\/v2\/categories?post=1242"},{"taxonomy":"post_tag","embeddable":true,"href":"https:\/\/okazjetygodnia.pl\/moda\/wp-json\/wp\/v2\/tags?post=1242"}],"curies":[{"name":"wp","href":"https:\/\/api.w.org\/{rel}","templated":true}]}}